{"id":3006,"date":"2025-07-09T10:48:25","date_gmt":"2025-07-09T14:48:25","guid":{"rendered":"https:\/\/cadimmigration.com\/?p=3006"},"modified":"2025-07-09T10:48:25","modified_gmt":"2025-07-09T14:48:25","slug":"canada-expands-support-for-francophone-immigrants-with-24-welcoming-communities-nationwide","status":"publish","type":"post","link":"https:\/\/cadimmigration.com\/?p=3006","title":{"rendered":"Canada Expands Support for Francophone Immigrants with 24 Welcoming Communities Nationwide"},"content":{"rendered":"\n<p><strong>Big news for French-speaking newcomers to Canada!<\/strong> The Canadian government is significantly expanding its support for Francophone immigrants through the full-scale launch of the <strong>Welcoming Francophone Communities (WFCs)<\/strong> initiative during <strong>2025\u20132026<\/strong>.<\/p>\n\n\n\n<p>This move is part of Canada\u2019s broader commitment to <strong>boost Francophone immigration outside Quebec<\/strong>, ensure inclusive integration, and foster vibrant French-speaking communities across the country.<\/p>\n\n\n\n<hr class=\"wp-block-separator has-alpha-channel-opacity\"\/>\n\n\n\n<h3 class=\"wp-block-heading\"><mark style=\"background-color:rgba(0, 0, 0, 0)\" class=\"has-inline-color has-vivid-red-color\">What Is the Welcoming Francophone Communities (WFCs) Initiative?<\/mark><\/h3>\n\n\n\n<p>Originally launched as a <strong>pilot program (2020\u20132024)<\/strong>, the WFCs are now being rolled out nationally with a strong mission:<\/p>\n\n\n\n<ul class=\"wp-block-list\">\n<li><strong>To ease settlement for Francophone immigrants<\/strong><\/li>\n\n\n\n<li><strong>To connect newcomers with local French-speaking communities<\/strong><\/li>\n\n\n\n<li><strong>To deliver services \u201cby and for Francophones\u201d<\/strong><\/li>\n\n\n\n<li><strong>To create a true sense of belonging across Canada<\/strong><\/li>\n<\/ul>\n\n\n\n<p>These communities will serve as hubs of <strong>support, services, and opportunity<\/strong>, ensuring that French-speaking immigrants can thrive socially and economically.<\/p>\n\n\n\n<hr class=\"wp-block-separator has-alpha-channel-opacity\"\/>\n\n\n\n<h3 class=\"wp-block-heading\"><mark style=\"background-color:rgba(0, 0, 0, 0)\" class=\"has-inline-color has-vivid-red-color\">Who\u2019s Behind the Initiative?<\/mark><\/h3>\n\n\n\n<p>The WFC initiative is jointly driven by:<\/p>\n\n\n\n<ul class=\"wp-block-list\">\n<li><strong>Immigration, Refugees and Citizenship Canada (IRCC)<\/strong><\/li>\n\n\n\n<li><strong>13 R\u00e9seaux en immigration francophone<\/strong><\/li>\n\n\n\n<li><strong>F\u00e9d\u00e9ration des communaut\u00e9s francophones et acadienne du Canada<\/strong><\/li>\n\n\n\n<li><strong>Association francophone des municipalit\u00e9s du Nouveau-Brunswick<\/strong><\/li>\n<\/ul>\n\n\n\n<p>The approach is rooted in collaboration\u2014designed <em>with local Francophone leaders<\/em> who understand the real needs of their communities.<\/p>\n\n\n\n<hr class=\"wp-block-separator has-alpha-channel-opacity\"\/>\n\n\n\n<h3 class=\"wp-block-heading\"><mark style=\"background-color:rgba(0, 0, 0, 0)\" class=\"has-inline-color has-vivid-red-color\">Where Will These Communities Be Located?<\/mark><\/h3>\n\n\n\n<p>In total, <strong>24 communities<\/strong> across every province and territory (except Quebec) will take part, including:<\/p>\n\n\n\n<figure class=\"wp-block-table is-style-stripes\"><table><thead><tr><th>Province\/Territory<\/th><th>Key Communities<\/th><\/tr><\/thead><tbody><tr><td><strong>Ontario<\/strong><\/td><td>Sudbury, London, Hamilton, Cochrane District, Cornwall, Hawkesbury<\/td><\/tr><tr><td><strong>Alberta<\/strong><\/td><td>Calgary<\/td><\/tr><tr><td><strong>British Columbia<\/strong><\/td><td>Nanaimo, Prince George<\/td><\/tr><tr><td><strong>Manitoba<\/strong><\/td><td>Seine River, Red River region<\/td><\/tr><tr><td><strong>Nova Scotia<\/strong><\/td><td>Clare, Ch\u00e9ticamp<\/td><\/tr><tr><td><strong>Newfoundland &amp; Labrador<\/strong><\/td><td>Labrador City\u2013Wabush<\/td><\/tr><tr><td><strong>Saskatchewan<\/strong><\/td><td>Moose Jaw, Gravelbourg, Prince Albert<\/td><\/tr><tr><td><strong>New Brunswick<\/strong><\/td><td>Belle-Baie, Caraquet, Haut Saint-Jean, Restigouche West<\/td><\/tr><tr><td><strong>Prince Edward Island<\/strong><\/td><td>\u00c9vang\u00e9line region<\/td><\/tr><tr><td><strong>Territories<\/strong><\/td><td>Yellowknife (NWT), Whitehorse (Yukon), Iqaluit (Nunavut)<\/td><\/tr><\/tbody><\/table><\/figure>\n\n\n\n<hr class=\"wp-block-separator has-alpha-channel-opacity\"\/>\n\n\n\n<h3 class=\"wp-block-heading\"><mark style=\"background-color:rgba(0, 0, 0, 0)\" class=\"has-inline-color has-vivid-red-color\">Why Is This Important?<\/mark><\/h3>\n\n\n\n<p>The rollout aligns with Canada\u2019s broader goal of increasing Francophone immigration:<\/p>\n\n\n\n<ul class=\"wp-block-list\">\n<li><strong>8.5%<\/strong> of total PR admissions in <strong>2025<\/strong><\/li>\n\n\n\n<li><strong>9.5%<\/strong> in <strong>2026<\/strong><\/li>\n\n\n\n<li><strong>10%<\/strong> by <strong>2027<\/strong><\/li>\n\n\n\n<li>Aiming for <strong>12% by 2029<\/strong> \u2013 over <strong>47,000 Francophone newcomers yearly<\/strong><\/li>\n<\/ul>\n\n\n\n<p>This shift acknowledges the <strong>critical contribution of Francophone immigrants<\/strong> to Canada\u2019s economy, culture, and linguistic diversity\u2014particularly in regions outside Quebec.<\/p>\n\n\n\n<hr class=\"wp-block-separator has-alpha-channel-opacity\"\/>\n\n\n\n<h3 class=\"wp-block-heading\"><mark style=\"background-color:rgba(0, 0, 0, 0)\" class=\"has-inline-color has-vivid-red-color\">What to Expect from These Communities<\/mark><\/h3>\n\n\n\n<p>Services and initiatives will include:<\/p>\n\n\n\n<ul class=\"wp-block-list\">\n<li><strong>French-language settlement and integration support<\/strong><\/li>\n\n\n\n<li><strong>Job placement and employment readiness help<\/strong><\/li>\n\n\n\n<li><strong>Community-led events, cultural orientation, and networking<\/strong><\/li>\n\n\n\n<li><strong>Public awareness campaigns promoting inclusion<\/strong><\/li>\n\n\n\n<li><strong>Support for international students and workers where applicable<\/strong><\/li>\n<\/ul>\n\n\n\n<p>More eligibility details are expected soon\u2014but permanent residents are the primary focus.<\/p>\n\n\n\n<hr class=\"wp-block-separator has-alpha-channel-opacity\"\/>\n\n\n\n<h3 class=\"wp-block-heading\"><mark style=\"background-color:rgba(0, 0, 0, 0)\" class=\"has-inline-color has-vivid-red-color\">From Pilot to Policy: What Changed?<\/mark><\/h3>\n\n\n\n<p>The 2020\u20132024 pilot helped shape this national rollout. Key learnings from the pilot included:<\/p>\n\n\n\n<ul class=\"wp-block-list\">\n<li><strong>Funding hundreds of thousands of dollars<\/strong> to each community<\/li>\n\n\n\n<li>Building <strong>customized action plans<\/strong> based on local needs<\/li>\n\n\n\n<li>Creating <strong>advisory boards<\/strong> with local employers, organizations, and municipalities<\/li>\n<\/ul>\n\n\n\n<p>The success of these programs laid the foundation for this nationwide expansion.<\/p>\n\n\n\n<hr class=\"wp-block-separator has-alpha-channel-opacity\"\/>\n\n\n\n<h3 class=\"wp-block-heading\"><mark style=\"background-color:rgba(0, 0, 0, 0)\" class=\"has-inline-color has-vivid-red-color\">Final Thoughts<\/mark><\/h3>\n\n\n\n<p>This marks a <strong>major milestone<\/strong> for immigration policy in Canada\u2014reinforcing that <strong>Francophone immigration is not just welcomed, but celebrated<\/strong>. With increased funding, strategic rollout, and grassroots support, French-speaking newcomers are set to find a warm welcome and strong community support across the country.<\/p>\n\n\n\n<hr class=\"wp-block-separator has-alpha-channel-opacity\"\/>\n\n\n\n<p class=\"has-white-color has-vivid-red-background-color has-text-color has-background has-medium-font-size\">For a <strong> consultation<\/strong> about Immigration options, reach out to the <strong>CAD IMMIGRATION <\/strong>today!<\/p>\n\n\n\n<div class=\"wp-block-buttons is-content-justification-center is-layout-flex wp-container-core-buttons-is-layout-16018d1d wp-block-buttons-is-layout-flex\">\n<div class=\"wp-block-button\"><a class=\"wp-block-button__link has-text-color has-background wp-element-button\" href=\"https:\/\/www.instagram.com\/cadimmigration\/profilecard\/?igsh=aWYzamtvMzlvZHUy\" style=\"border-radius:50px;color:#fffffa;background:linear-gradient(135deg,rgb(135,9,53) 0%,rgb(179,22,22) 100%)\" target=\"_blank\" rel=\"noreferrer noopener\">INSTAGRAM<\/a><\/div>\n\n\n\n<div class=\"wp-block-button\"><a class=\"wp-block-button__link has-text-color has-background wp-element-button\" href=\"https:\/\/www.tiktok.com\/@cad_immigration?_t=8rYlOtSiktj&amp;_r=1\" style=\"border-radius:50px;color:#fffffa;background:linear-gradient(317deg,rgb(135,9,53) 0%,rgb(179,22,22) 100%)\" target=\"_blank\" rel=\"noreferrer noopener\">TIKTOK<\/a><\/div>\n\n\n\n<div class=\"wp-block-button\"><a class=\"wp-block-button__link has-text-color has-background wp-element-button\" href=\"https:\/\/www.linkedin.com\/company\/cad-immigration\/\" style=\"border-radius:50px;color:#fffffa;background:linear-gradient(42deg,rgb(135,9,53) 0%,rgb(179,22,22) 100%)\">LINKEDIN<\/a><\/div>\n<\/div>\n\n\n\n<p><br><\/p>\n","protected":false},"excerpt":{"rendered":"<p>Big news for French-speaking newcomers to Canada! The Canadian government is significantly expanding its support for Francophone immigrants through the full-scale launch of the Welcoming Francophone Communities (WFCs) initiative during 2025\u20132026. This move is part of Canada\u2019s broader commitment to boost Francophone immigration outside Quebec, ensure inclusive integration, and foster vibrant French-speaking communities across the [&hellip;]<\/p>\n","protected":false},"author":12,"featured_media":3007,"comment_status":"open","ping_status":"open","sticky":false,"template":"","format":"standard","meta":{"footnotes":""},"categories":[1],"tags":[79,83,49,3,78,76,77,57,70,36],"class_list":["post-3006","post","type-post","status-publish","format-standard","has-post-thumbnail","hentry","category-cicnews","tag-cad-immigration","tag-cad-immigration-news","tag-cadimmigration","tag-canadaimmigration","tag-immigration-canada","tag-immigration-new-rules","tag-immigration-new-updates","tag-immigration-trend","tag-immigration-updates-canada","tag-immigrationupdates"],"_links":{"self":[{"href":"https:\/\/cadimmigration.com\/index.php?rest_route=\/wp\/v2\/posts\/3006","targetHints":{"allow":["GET"]}}],"collection":[{"href":"https:\/\/cadimmigration.com\/index.php?rest_route=\/wp\/v2\/posts"}],"about":[{"href":"https:\/\/cadimmigration.com\/index.php?rest_route=\/wp\/v2\/types\/post"}],"author":[{"embeddable":true,"href":"https:\/\/cadimmigration.com\/index.php?rest_route=\/wp\/v2\/users\/12"}],"replies":[{"embeddable":true,"href":"https:\/\/cadimmigration.com\/index.php?rest_route=%2Fwp%2Fv2%2Fcomments&post=3006"}],"version-history":[{"count":1,"href":"https:\/\/cadimmigration.com\/index.php?rest_route=\/wp\/v2\/posts\/3006\/revisions"}],"predecessor-version":[{"id":3008,"href":"https:\/\/cadimmigration.com\/index.php?rest_route=\/wp\/v2\/posts\/3006\/revisions\/3008"}],"wp:featuredmedia":[{"embeddable":true,"href":"https:\/\/cadimmigration.com\/index.php?rest_route=\/wp\/v2\/media\/3007"}],"wp:attachment":[{"href":"https:\/\/cadimmigration.com\/index.php?rest_route=%2Fwp%2Fv2%2Fmedia&parent=3006"}],"wp:term":[{"taxonomy":"category","embeddable":true,"href":"https:\/\/cadimmigration.com\/index.php?rest_route=%2Fwp%2Fv2%2Fcategories&post=3006"},{"taxonomy":"post_tag","embeddable":true,"href":"https:\/\/cadimmigration.com\/index.php?rest_route=%2Fwp%2Fv2%2Ftags&post=3006"}],"curies":[{"name":"wp","href":"https:\/\/api.w.org\/{rel}","templated":true}]}}